{"id":987,"date":"2022-08-11T07:45:51","date_gmt":"2022-08-11T07:45:51","guid":{"rendered":"https:\/\/pedaleurdecharme.nl\/?p=987"},"modified":"2023-05-20T05:57:27","modified_gmt":"2023-05-20T05:57:27","slug":"pourquoi-regarder-le-cyclisme-sur-sporza-la-belge","status":"publish","type":"post","link":"https:\/\/pedaleurdecharme.com\/fr\/wielerverhalen\/waarom-je-wielrennen-op-sporza-de-belg-kijkt\/","title":{"rendered":"Pourquoi regarder le cyclisme sur Sporza (\u201cThe Belgian\u201d)"},"content":{"rendered":"<p>Pour les amateurs de cyclisme des pays-Bas et de Belgique, la discussion est courante : regardez-vous le cyclisme sur <a href=\"https:\/\/www.nos.nl\" target=\"_blank\" rel=\"noreferrer noopener\">NOS<\/a> ou op <a href=\"https:\/\/www.sporza.be\" target=\"_blank\" rel=\"noreferrer noopener\">Sporza<\/a>, \u201c De Belg \u201d ? Bien que nous soyons N\u00e9erlandais, nous pensons que votre cours devrait \u00eatre suivi chez De Belg et nous aimerions vous donner quelques raisons.<\/p>\r\n\r\n\r\n\r\n\r\n\r\n<h2 class=\"wp-block-heading\"><strong>Connaissance du cyclisme<\/strong><\/h2>\r\n\r\n\r\n\r\n<p>La connaissance du cyclisme est g\u00e9n\u00e9ralement plus \u00e9lev\u00e9e chez les commentateurs belges que chez les N\u00e9erlandais. Nous regrettons personnellement \u00e9norm\u00e9ment que Michel Wuyts ait d\u00fb quitter Sporza, car s'il y a bien quelqu'un qui s'y conna\u00eet en cyclisme, c'est bien lui. Une encyclop\u00e9die vivante qui a vraiment une r\u00e9ponse \u00e0 tout. Dommage... mais m\u00eame alors, vous recevez beaucoup plus de faits int\u00e9ressants et d'anecdotes de la part des Belges.<\/p>\r\n\r\n\r\n\r\n<h2 class=\"wp-block-heading\"><strong>Amour pour le cyclisme<\/strong><\/h2>\r\n\r\n\r\n\r\n<p>Les Pays-Bas sont un pays de cyclisme, mais nous devons reconna\u00eetre que nos voisins du sud sont meilleurs pour adopter le cyclisme. Ils ont produit plus de grands vainqueurs et il y a tout simplement beaucoup plus de courses belges avec beaucoup d'attrait que de hollandaises. La Belgique abrite deux monuments, alors que chez nous le compteur est malheureusement \u00e0 0. Le pays respire plus d'histoire sur le plan du cyclisme et cela se refl\u00e8te \u00e9galement dans la diffusion t\u00e9l\u00e9vis\u00e9e.<\/p>\r\n\r\n\r\n\r\n<h2 class=\"wp-block-heading\"><strong>L'attention port\u00e9e \u00e0 la course<\/strong><\/h2>\r\n\r\n\r\n\r\n<p>Les Belges accordent tout simplement aussi beaucoup plus d'attention m\u00e9diatique \u00e0 la course. Surtout pour la <a href=\"https:\/\/pedaleurdecharme.com\/fr\/produit\/wielersokken-de-ronde\/\">Tour des Flandres<\/a> Vous pouvez y aller d\u00e8s 9 heures du matin. Et ce, apr\u00e8s avoir pu regarder des avant-premi\u00e8res de l'avant-premi\u00e8re toute la semaine. Et \u00e0 la fin de l'ann\u00e9e, nous reviendrons tranquillement sur tout ce que l'ann\u00e9e nous a apport\u00e9. Magnifique !<\/p>\r\n\r\n\r\n\r\n<p>What is your opinion? Share it with us in the comments. We are curious!<\/p>","protected":false},"excerpt":{"rendered":"<p>Voor de wielerliefhebbers in de lage landen is het een  [&#8230;]<\/p>\n","protected":false},"author":1,"featured_media":0,"comment_status":"open","ping_status":"open","sticky":false,"template":"","format":"standard","meta":{"footnotes":""},"categories":[173],"tags":[185,184,187,183,84,186],"class_list":["post-987","post","type-post","status-publish","format-standard","hentry","category-wielerverhalen","tag-de-belg","tag-koers","tag-ronde-van-vlaanderen","tag-sporza","tag-wielrennen","tag-wielrennen-op-sporza"],"yoast_head":"<!-- This site is optimized with the Yoast SEO plugin v27.4 - https:\/\/yoast.com\/product\/yoast-seo-wordpress\/ -->\n<title>Waarom je wielrennen op Sporza (\u201cDe Belg\u201d) kijkt - Pedaleur de Charme<\/title>\n<meta name=\"description\" content=\"In Nederland een veelgevoerde discussie. Kijk je wielrennen op de NOS of op Sporza &quot;De Belg&quot;? Wij geven onze mening.\" \/>\n<meta name=\"robots\" content=\"index, follow, max-snippet:-1, max-image-preview:large, max-video-preview:-1\" \/>\n<link rel=\"canonical\" href=\"https:\/\/pedaleurdecharme.com\/fr\/histoires-de-cyclisme\/pourquoi-regarder-le-cyclisme-sur-sporza-la-belge\/\" \/>\n<meta property=\"og:locale\" content=\"fr_FR\" \/>\n<meta property=\"og:type\" content=\"article\" \/>\n<meta property=\"og:title\" content=\"Waarom je wielrennen op Sporza (\u201cDe Belg\u201d) kijkt - Pedaleur de Charme\" \/>\n<meta property=\"og:description\" content=\"In Nederland een veelgevoerde discussie. Kijk je wielrennen op de NOS of op Sporza &quot;De Belg&quot;? Wij geven onze mening.\" \/>\n<meta property=\"og:url\" content=\"https:\/\/pedaleurdecharme.com\/fr\/histoires-de-cyclisme\/pourquoi-regarder-le-cyclisme-sur-sporza-la-belge\/\" \/>\n<meta property=\"og:site_name\" content=\"Pedaleur de Charme\" \/>\n<meta property=\"article:published_time\" content=\"2022-08-11T07:45:51+00:00\" \/>\n<meta property=\"article:modified_time\" content=\"2023-05-20T05:57:27+00:00\" \/>\n<meta name=\"author\" content=\"Pedaleurdecharme\" \/>\n<meta name=\"twitter:card\" content=\"summary_large_image\" \/>\n<meta name=\"twitter:label1\" content=\"\u00c9crit par\" \/>\n\t<meta name=\"twitter:data1\" content=\"Pedaleurdecharme\" \/>\n\t<meta name=\"twitter:label2\" content=\"Dur\u00e9e de lecture estim\u00e9e\" \/>\n\t<meta name=\"twitter:data2\" content=\"2 minutes\" \/>\n<script type=\"application\/ld+json\" class=\"yoast-schema-graph\">{\"@context\":\"https:\\\/\\\/schema.org\",\"@graph\":[{\"@type\":\"Article\",\"@id\":\"https:\\\/\\\/pedaleurdecharme.com\\\/wielerverhalen\\\/waarom-je-wielrennen-op-sporza-de-belg-kijkt\\\/#article\",\"isPartOf\":{\"@id\":\"https:\\\/\\\/pedaleurdecharme.com\\\/wielerverhalen\\\/waarom-je-wielrennen-op-sporza-de-belg-kijkt\\\/\"},\"author\":{\"name\":\"Pedaleurdecharme\",\"@id\":\"https:\\\/\\\/pedaleurdecharme.com\\\/#\\\/schema\\\/person\\\/5131e2c6ae3acb734ae99bfc4ab1e629\"},\"headline\":\"Waarom je wielrennen op Sporza (\u201cDe Belg\u201d) kijkt\",\"datePublished\":\"2022-08-11T07:45:51+00:00\",\"dateModified\":\"2023-05-20T05:57:27+00:00\",\"mainEntityOfPage\":{\"@id\":\"https:\\\/\\\/pedaleurdecharme.com\\\/wielerverhalen\\\/waarom-je-wielrennen-op-sporza-de-belg-kijkt\\\/\"},\"wordCount\":290,\"commentCount\":0,\"keywords\":[\"de belg\",\"koers\",\"Ronde van Vlaanderen\",\"sporza\",\"wielrennen\",\"wielrennen op sporza\"],\"articleSection\":[\"Wielerverhalen\"],\"inLanguage\":\"fr-FR\",\"potentialAction\":[{\"@type\":\"CommentAction\",\"name\":\"Comment\",\"target\":[\"https:\\\/\\\/pedaleurdecharme.com\\\/wielerverhalen\\\/waarom-je-wielrennen-op-sporza-de-belg-kijkt\\\/#respond\"]}]},{\"@type\":\"WebPage\",\"@id\":\"https:\\\/\\\/pedaleurdecharme.com\\\/wielerverhalen\\\/waarom-je-wielrennen-op-sporza-de-belg-kijkt\\\/\",\"url\":\"https:\\\/\\\/pedaleurdecharme.com\\\/wielerverhalen\\\/waarom-je-wielrennen-op-sporza-de-belg-kijkt\\\/\",\"name\":\"Waarom je wielrennen op Sporza (\u201cDe Belg\u201d) kijkt - Pedaleur de Charme\",\"isPartOf\":{\"@id\":\"https:\\\/\\\/pedaleurdecharme.com\\\/#website\"},\"datePublished\":\"2022-08-11T07:45:51+00:00\",\"dateModified\":\"2023-05-20T05:57:27+00:00\",\"author\":{\"@id\":\"https:\\\/\\\/pedaleurdecharme.com\\\/#\\\/schema\\\/person\\\/5131e2c6ae3acb734ae99bfc4ab1e629\"},\"description\":\"In Nederland een veelgevoerde discussie. Kijk je wielrennen op de NOS of op Sporza \\\"De Belg\\\"? Wij geven onze mening.\",\"breadcrumb\":{\"@id\":\"https:\\\/\\\/pedaleurdecharme.com\\\/wielerverhalen\\\/waarom-je-wielrennen-op-sporza-de-belg-kijkt\\\/#breadcrumb\"},\"inLanguage\":\"fr-FR\",\"potentialAction\":[{\"@type\":\"ReadAction\",\"target\":[\"https:\\\/\\\/pedaleurdecharme.com\\\/wielerverhalen\\\/waarom-je-wielrennen-op-sporza-de-belg-kijkt\\\/\"]}]},{\"@type\":\"BreadcrumbList\",\"@id\":\"https:\\\/\\\/pedaleurdecharme.com\\\/wielerverhalen\\\/waarom-je-wielrennen-op-sporza-de-belg-kijkt\\\/#breadcrumb\",\"itemListElement\":[{\"@type\":\"ListItem\",\"position\":1,\"name\":\"Home\",\"item\":\"https:\\\/\\\/pedaleurdecharme.com\\\/\"},{\"@type\":\"ListItem\",\"position\":2,\"name\":\"Waarom je wielrennen op Sporza (\u201cDe Belg\u201d) kijkt\"}]},{\"@type\":\"WebSite\",\"@id\":\"https:\\\/\\\/pedaleurdecharme.com\\\/#website\",\"url\":\"https:\\\/\\\/pedaleurdecharme.com\\\/\",\"name\":\"Pedaleur de Charme\",\"description\":\"Niet gemaakt voor iedereen. Gemaakt voor jou.\",\"potentialAction\":[{\"@type\":\"SearchAction\",\"target\":{\"@type\":\"EntryPoint\",\"urlTemplate\":\"https:\\\/\\\/pedaleurdecharme.com\\\/?s={search_term_string}\"},\"query-input\":{\"@type\":\"PropertyValueSpecification\",\"valueRequired\":true,\"valueName\":\"search_term_string\"}}],\"inLanguage\":\"fr-FR\"},{\"@type\":\"Person\",\"@id\":\"https:\\\/\\\/pedaleurdecharme.com\\\/#\\\/schema\\\/person\\\/5131e2c6ae3acb734ae99bfc4ab1e629\",\"name\":\"Pedaleurdecharme\",\"image\":{\"@type\":\"ImageObject\",\"inLanguage\":\"fr-FR\",\"@id\":\"https:\\\/\\\/secure.gravatar.com\\\/avatar\\\/3e7bd6390fde734c52a7f7ba70815033ba0d43c73365eb32859e7456a325d602?s=96&d=mm&r=g\",\"url\":\"https:\\\/\\\/secure.gravatar.com\\\/avatar\\\/3e7bd6390fde734c52a7f7ba70815033ba0d43c73365eb32859e7456a325d602?s=96&d=mm&r=g\",\"contentUrl\":\"https:\\\/\\\/secure.gravatar.com\\\/avatar\\\/3e7bd6390fde734c52a7f7ba70815033ba0d43c73365eb32859e7456a325d602?s=96&d=mm&r=g\",\"caption\":\"Pedaleurdecharme\"},\"url\":\"https:\\\/\\\/pedaleurdecharme.com\\\/fr\\\/author\\\/pedaleurdecharme\\\/\"}]}<\/script>\n<!-- \/ Yoast SEO plugin. -->","yoast_head_json":{"title":"Pourquoi vous regardez le cyclisme sur Sporza (\u201c Le Belge \u201d) - P\u00e9daleur de Charme","description":"Aux Pays-Bas, une discussion courante. Regardez-vous le cyclisme sur la NOS ou sur Sporza \" le Belge \" ? Nous donnons notre avis.","robots":{"index":"index","follow":"follow","max-snippet":"max-snippet:-1","max-image-preview":"max-image-preview:large","max-video-preview":"max-video-preview:-1"},"canonical":"https:\/\/pedaleurdecharme.com\/fr\/histoires-de-cyclisme\/pourquoi-regarder-le-cyclisme-sur-sporza-la-belge\/","og_locale":"fr_FR","og_type":"article","og_title":"Waarom je wielrennen op Sporza (\u201cDe Belg\u201d) kijkt - Pedaleur de Charme","og_description":"In Nederland een veelgevoerde discussie. Kijk je wielrennen op de NOS of op Sporza \"De Belg\"? Wij geven onze mening.","og_url":"https:\/\/pedaleurdecharme.com\/fr\/histoires-de-cyclisme\/pourquoi-regarder-le-cyclisme-sur-sporza-la-belge\/","og_site_name":"Pedaleur de Charme","article_published_time":"2022-08-11T07:45:51+00:00","article_modified_time":"2023-05-20T05:57:27+00:00","author":"Pedaleurdecharme","twitter_card":"summary_large_image","twitter_misc":{"\u00c9crit par":"Pedaleurdecharme","Dur\u00e9e de lecture estim\u00e9e":"2 minutes"},"schema":{"@context":"https:\/\/schema.org","@graph":[{"@type":"Article","@id":"https:\/\/pedaleurdecharme.com\/wielerverhalen\/waarom-je-wielrennen-op-sporza-de-belg-kijkt\/#article","isPartOf":{"@id":"https:\/\/pedaleurdecharme.com\/wielerverhalen\/waarom-je-wielrennen-op-sporza-de-belg-kijkt\/"},"author":{"name":"Pedaleurdecharme","@id":"https:\/\/pedaleurdecharme.com\/#\/schema\/person\/5131e2c6ae3acb734ae99bfc4ab1e629"},"headline":"Waarom je wielrennen op Sporza (\u201cDe Belg\u201d) kijkt","datePublished":"2022-08-11T07:45:51+00:00","dateModified":"2023-05-20T05:57:27+00:00","mainEntityOfPage":{"@id":"https:\/\/pedaleurdecharme.com\/wielerverhalen\/waarom-je-wielrennen-op-sporza-de-belg-kijkt\/"},"wordCount":290,"commentCount":0,"keywords":["de belg","koers","Ronde van Vlaanderen","sporza","wielrennen","wielrennen op sporza"],"articleSection":["Wielerverhalen"],"inLanguage":"fr-FR","potentialAction":[{"@type":"CommentAction","name":"Comment","target":["https:\/\/pedaleurdecharme.com\/wielerverhalen\/waarom-je-wielrennen-op-sporza-de-belg-kijkt\/#respond"]}]},{"@type":"WebPage","@id":"https:\/\/pedaleurdecharme.com\/wielerverhalen\/waarom-je-wielrennen-op-sporza-de-belg-kijkt\/","url":"https:\/\/pedaleurdecharme.com\/wielerverhalen\/waarom-je-wielrennen-op-sporza-de-belg-kijkt\/","name":"Pourquoi vous regardez le cyclisme sur Sporza (\u201c Le Belge \u201d) - P\u00e9daleur de Charme","isPartOf":{"@id":"https:\/\/pedaleurdecharme.com\/#website"},"datePublished":"2022-08-11T07:45:51+00:00","dateModified":"2023-05-20T05:57:27+00:00","author":{"@id":"https:\/\/pedaleurdecharme.com\/#\/schema\/person\/5131e2c6ae3acb734ae99bfc4ab1e629"},"description":"Aux Pays-Bas, une discussion courante. Regardez-vous le cyclisme sur la NOS ou sur Sporza \" le Belge \" ? Nous donnons notre avis.","breadcrumb":{"@id":"https:\/\/pedaleurdecharme.com\/wielerverhalen\/waarom-je-wielrennen-op-sporza-de-belg-kijkt\/#breadcrumb"},"inLanguage":"fr-FR","potentialAction":[{"@type":"ReadAction","target":["https:\/\/pedaleurdecharme.com\/wielerverhalen\/waarom-je-wielrennen-op-sporza-de-belg-kijkt\/"]}]},{"@type":"BreadcrumbList","@id":"https:\/\/pedaleurdecharme.com\/wielerverhalen\/waarom-je-wielrennen-op-sporza-de-belg-kijkt\/#breadcrumb","itemListElement":[{"@type":"ListItem","position":1,"name":"Home","item":"https:\/\/pedaleurdecharme.com\/"},{"@type":"ListItem","position":2,"name":"Waarom je wielrennen op Sporza (\u201cDe Belg\u201d) kijkt"}]},{"@type":"WebSite","@id":"https:\/\/pedaleurdecharme.com\/#website","url":"https:\/\/pedaleurdecharme.com\/","name":"P\u00e9daleur de charme","description":"Pas faites pour tout le monde. Faites pour vous.","potentialAction":[{"@type":"SearchAction","target":{"@type":"EntryPoint","urlTemplate":"https:\/\/pedaleurdecharme.com\/?s={search_term_string}"},"query-input":{"@type":"PropertyValueSpecification","valueRequired":true,"valueName":"search_term_string"}}],"inLanguage":"fr-FR"},{"@type":"Person","@id":"https:\/\/pedaleurdecharme.com\/#\/schema\/person\/5131e2c6ae3acb734ae99bfc4ab1e629","name":"P\u00e9daleurdecharme","image":{"@type":"ImageObject","inLanguage":"fr-FR","@id":"https:\/\/secure.gravatar.com\/avatar\/3e7bd6390fde734c52a7f7ba70815033ba0d43c73365eb32859e7456a325d602?s=96&d=mm&r=g","url":"https:\/\/secure.gravatar.com\/avatar\/3e7bd6390fde734c52a7f7ba70815033ba0d43c73365eb32859e7456a325d602?s=96&d=mm&r=g","contentUrl":"https:\/\/secure.gravatar.com\/avatar\/3e7bd6390fde734c52a7f7ba70815033ba0d43c73365eb32859e7456a325d602?s=96&d=mm&r=g","caption":"Pedaleurdecharme"},"url":"https:\/\/pedaleurdecharme.com\/fr\/author\/pedaleurdecharme\/"}]}},"_links":{"self":[{"href":"https:\/\/pedaleurdecharme.com\/fr\/wp-json\/wp\/v2\/posts\/987","targetHints":{"allow":["GET"]}}],"collection":[{"href":"https:\/\/pedaleurdecharme.com\/fr\/wp-json\/wp\/v2\/posts"}],"about":[{"href":"https:\/\/pedaleurdecharme.com\/fr\/wp-json\/wp\/v2\/types\/post"}],"author":[{"embeddable":true,"href":"https:\/\/pedaleurdecharme.com\/fr\/wp-json\/wp\/v2\/users\/1"}],"replies":[{"embeddable":true,"href":"https:\/\/pedaleurdecharme.com\/fr\/wp-json\/wp\/v2\/comments?post=987"}],"version-history":[{"count":7,"href":"https:\/\/pedaleurdecharme.com\/fr\/wp-json\/wp\/v2\/posts\/987\/revisions"}],"predecessor-version":[{"id":1789,"href":"https:\/\/pedaleurdecharme.com\/fr\/wp-json\/wp\/v2\/posts\/987\/revisions\/1789"}],"wp:attachment":[{"href":"https:\/\/pedaleurdecharme.com\/fr\/wp-json\/wp\/v2\/media?parent=987"}],"wp:term":[{"taxonomy":"category","embeddable":true,"href":"https:\/\/pedaleurdecharme.com\/fr\/wp-json\/wp\/v2\/categories?post=987"},{"taxonomy":"post_tag","embeddable":true,"href":"https:\/\/pedaleurdecharme.com\/fr\/wp-json\/wp\/v2\/tags?post=987"}],"curies":[{"name":"wp","href":"https:\/\/api.w.org\/{rel}","templated":true}]}}