{"id":1899,"date":"2023-07-31T08:20:30","date_gmt":"2023-07-31T08:20:30","guid":{"rendered":"https:\/\/pedaleurdecharme.nl\/?p=1899"},"modified":"2023-10-23T22:26:04","modified_gmt":"2023-10-23T20:26:04","slug":"die-faszinierende-geschichte-des-besenwagens-im-radsport","status":"publish","type":"post","link":"https:\/\/pedaleurdecharme.com\/de\/wielerverhalen\/het-intrigerende-verhaal-achter-de-bezemwagen-in-het-wielrennen\/","title":{"rendered":"Die faszinierende Geschichte des Besenwagens im Radsport"},"content":{"rendered":"<p>In der Welt des Radsports gibt es viele ikonische Bilder und Momente, die die Herzen der Fans auf der ganzen Welt erobert haben. Eines dieser bemerkenswerten Bilder ist der Besenwagen, der sich bei Radrennen immer hinter dem Peloton befindet. W\u00e4hrend dieses Fahrzeug oft von den meisten Zuschauern unbemerkt bleibt, spielt es eine entscheidende Rolle bei der Unterst\u00fctzung der Fahrer. In diesem Blog tauchen wir tiefer in die Geschichte hinter dem Besenwagen im Radsport ein und entdecken, warum dieses Fahrzeug viel mehr ist \u2013 vor allem aber war \u2013 als nur ein \u2018Aufr\u00e4umer\u2019.<\/p>\n<h2>Was ist der Besenwagen?<\/h2>\n<p>Der Besenwagen, auch bekannt als der\u201c<a href=\"https:\/\/www.google.com\/search?rlz=1C1ONGR_nlNL1041NL1041&amp;sxsrf=AB5stBhERw5dMEK-q1Gp34Dk5ktvenSXnQ:1690791079680&amp;q=voiture+balai&amp;tbm=isch&amp;source=lnms&amp;sa=X&amp;sqi=2&amp;ved=2ahUKEwiP1MXNv7iAAxUEhP0HHfJqCTEQ0pQJegQIDRAB&amp;biw=1536&amp;bih=809&amp;dpr=2.5\" target=\"_blank\" rel=\"noopener\">Besenwagen<\/a>\u201den het Frans, is een ondersteuningsvoertuig dat achter het peloton rijdt tijdens professionele wielerwedstrijden, zoals de Tour de France. De taak van de bezemwagen is het ondersteunen van de renners en het omgaan met situaties waarin renners niet verder kunnen rijden of van de wedstrijd worden uitgesloten. Het speelt ook een cruciale rol bij het handhaven van de tijdslimieten die bepalen welke renners de wedstrijd mogen voortzetten. Inmiddels is de rol van de bezemwagen wel compleet veranderd. Elk team heeft tegenwoordig zijn eigen materiaal en voeding mee, artsen zijn volop aanwezig in de koers en wanneer een renner afstapt, verdwijnen ze direct in de eigen teamwagen. Maar de rol van de bezemwagen was ooit een stuk belangrijker:<\/p>\n<h2>Die Rolle des Besenwagens<\/h2>\n<h3 style=\"padding-left: 40px;\">1. Auffangen von ersch\u00f6pften oder verletzten Fahrern<\/h3>\n<p>Eine der Hauptfunktionen des Besenwagens war die Unterst\u00fctzung von Fahrern, die w\u00e4hrend des Rennens ersch\u00f6pft oder verletzt waren. Radfahren ist eine extrem anspruchsvolle Sportart, und Fahrer k\u00f6nnen k\u00f6rperlichen und geistigen Herausforderungen gegen\u00fcberstehen. Der Besenwagen fungierte als eine Art mobile Sanit\u00e4tsstelle, wo Fahrer Erste Hilfe erhalten und gegebenenfalls weitere medizinische Untersuchungen durchf\u00fchren lassen konnten.<\/p>\n<h3 style=\"padding-left: 40px;\">2. Pannenhilfe<\/h3>\n<p>Das Peloton kann manchmal von Pech heimgesucht werden, wie z.B. Reifensch\u00e4den oder technischen Problemen mit den Fahrr\u00e4dern. Der Besenwagen bot eine schnelle L\u00f6sung, indem er den betroffenen Fahrern Ersatzfahrr\u00e4der und technische Unterst\u00fctzung anbot. So konnten sie schnell wieder ins Rennen einsteigen und verhindern, dass sie komplett zur\u00fcckfielen.<\/p>\n<h3 style=\"padding-left: 40px;\">3. Zeitlimits Aufrechterhalten<\/h3>\n<p>Jede Etappe eines Radrennens hat eine festgelegte Zeitgrenze. Die Rennfahrer m\u00fcssen innerhalb dieser Grenze das Ziel erreichen, um im Rennen zu bleiben. Wenn ein Fahrer zur\u00fcckf\u00e4llt und die Zeitgrenze \u00fcberschreitet, kann er aus dem Rennen genommen werden. Der Besenwagen beh\u00e4lt die Zeitgrenzen genau im Auge und holt Fahrer von der Strecke, die die Grenzen nicht einhalten. Heutzutage dient der Besenwagen haupts\u00e4chlich noch als eine Art symbolisches letztes Fahrzeug im Rennen.<\/p>\n<h2>Das symbolische Aspekt<\/h2>\n<p>Der Besenwagen hat im Radsport auch eine symbolische Bedeutung. Er repr\u00e4sentiert die Entschlossenheit und Beharrlichkeit jedes Fahrers, unabh\u00e4ngig von seiner Position im Rennen. F\u00fcr viele Radfahrer ist das Folgen des Besenwagens eine dem\u00fctigende Erfahrung, da er bedeutet, dass sie aus dem Wettbewerb ausgeschieden sind. Einige Fahrer weigern sich jedoch aufzugeben und setzen ihren Kampf fort, selbst wenn sie kurz vor dem Ausschluss aus dem Rennen stehen. Diese Entschlossenheit, trotz R\u00fcckschl\u00e4gen weiterzumachen, ist es, worum es beim Radsport geht, und das macht den Sport so inspirierend. Um den symbolischen Aspekt des Wagens weiter zu verst\u00e4rken, sind oft Besen am Heck des Besenwagens angebracht, sodass er auch f\u00fcr die Fans gut erkennbar ist.<\/p>\n<h2>Schlussfolgerung<\/h2>\n<p>Der Besenwagen im Radsport war viel mehr als nur ein \u2018Aufr\u00e4umer\u2019. Er war ein unverzichtbares Unterst\u00fctzungfahrzeug, das eine entscheidende Rolle bei der Unterst\u00fctzung von Fahrern, der Hilfe bei Pannen und der Einhaltung von Zeitlimits spielte. Er repr\u00e4sentierte auch die Ausdauer und Entschlossenheit jedes Radfahrers, unabh\u00e4ngig von seiner Position im Rennen. Wenn Sie also das n\u00e4chste Mal ein Radrennen verfolgen und den Besenwagen vorbeifahren sehen, wissen Sie, dass er viel mehr ist als nur ein Auto hinter dem Peloton. Er ist ein Symbol f\u00fcr den wahren Geist des Radsports.<\/p>\n<p>Hast du dich vom Besenwagen inspirieren lassen? Dann sind die <a href=\"https:\/\/pedaleurdecharme.com\/de\/produkt\/fahrradsocken-fur-die-strecke\/\">hinteren der Rennen Socken<\/a> echt etwas f\u00fcr dich!<\/p>\n<div class=\"woocommerce\"><ul class=\"products clearfix products-1\">\n<li class=\"product type-product post-1112 status-publish first instock product_cat-wielersokken product_tag-arriere-de-la-course product_tag-bezemwagen product_tag-fietskousen product_tag-koerssokken product_tag-kousen product_tag-sokken product_tag-wielerkousen product_tag-wielersokken product_tag-wielrensokken product_tag-wit has-post-thumbnail shipping-taxable purchasable product-type-variable product-grid-view\">\n\t<div class=\"fusion-product-wrapper\">\n\n<div class=\"fusion-clean-product-image-wrapper\">\n\t<div  class=\"fusion-image-wrapper fusion-image-size-fixed\" aria-haspopup=\"true\">\n\t\t\t\t<img decoding=\"async\" width=\"500\" height=\"636\" src=\"https:\/\/pedaleurdecharme.com\/wp-content\/uploads\/2022\/10\/wielersok-arriere-de-la-course-1-500x636.jpg\" class=\"attachment-woocommerce_thumbnail size-woocommerce_thumbnail lazyload wp-post-image\" alt=\"\" srcset=\"data:image\/svg+xml,%3Csvg%20xmlns%3D%27http%3A%2F%2Fwww.w3.org%2F2000%2Fsvg%27%20width%3D%27800%27%20height%3D%271017%27%20viewBox%3D%270%200%20800%201017%27%3E%3Crect%20width%3D%27800%27%20height%3D%271017%27%20fill-opacity%3D%220%22%2F%3E%3C%2Fsvg%3E\" data-orig-src=\"https:\/\/pedaleurdecharme.com\/wp-content\/uploads\/2022\/10\/wielersok-arriere-de-la-course-1-500x636.jpg\" data-srcset=\"https:\/\/pedaleurdecharme.com\/wp-content\/uploads\/2022\/10\/wielersok-arriere-de-la-course-1-200x254.jpg 200w, https:\/\/pedaleurdecharme.com\/wp-content\/uploads\/2022\/10\/wielersok-arriere-de-la-course-1-236x300.jpg 236w, https:\/\/pedaleurdecharme.com\/wp-content\/uploads\/2022\/10\/wielersok-arriere-de-la-course-1-400x509.jpg 400w, https:\/\/pedaleurdecharme.com\/wp-content\/uploads\/2022\/10\/wielersok-arriere-de-la-course-1-500x636.jpg 500w, https:\/\/pedaleurdecharme.com\/wp-content\/uploads\/2022\/10\/wielersok-arriere-de-la-course-1-600x763.jpg 600w, https:\/\/pedaleurdecharme.com\/wp-content\/uploads\/2022\/10\/wielersok-arriere-de-la-course-1-700x890.jpg 700w, https:\/\/pedaleurdecharme.com\/wp-content\/uploads\/2022\/10\/wielersok-arriere-de-la-course-1-768x976.jpg 768w, https:\/\/pedaleurdecharme.com\/wp-content\/uploads\/2022\/10\/wielersok-arriere-de-la-course-1.jpg 800w\" data-sizes=\"auto\" \/><div class=\"fusion-rollover\">\n\t<div class=\"fusion-rollover-content\">\n\n\t\t\t\t\n\t\t\n\t\t\t\t\t\t\t\t\n\t\t\t\t\t\t\t\t\n\t\t\n\t\t\t\t\t\t\t\t\t\t\t\t\t\t\t\n\t\t\t\t\t\t\n\t\t\t\t\t\t\t\t\t\t<div class=\"fusion-product-buttons\">\n\t\t\t\t\t<a href=\"https:\/\/pedaleurdecharme.com\/de\/product\/wielersokken-arriere-de-la-course\/\" aria-describedby=\"woocommerce_loop_add_to_cart_link_describedby_1112\" data-quantity=\"1\" class=\"button product_type_variable add_to_cart_button\" data-product_id=\"1112\" data-product_sku=\"ws-arriere-de-la-course\" aria-label=\"W\u00e4hle Optionen f\u00fcr \u201eWielersokken Arriere de la Course\u201c\" rel=\"nofollow\" data-no-translation=\"\" data-trp-gettext=\"\" data-no-translation-aria-label=\"\">Ausf\u00fchrung w\u00e4hlen<\/a>\t<span id=\"woocommerce_loop_add_to_cart_link_describedby_1112\" class=\"screen-reader-text\">\n\t\tDieses Produkt weist mehrere Varianten auf. Die Optionen k\u00f6nnen auf der Produktseite gew\u00e4hlt werden\t<\/span>\n<span class=\"fusion-rollover-linebreak\">\n\t\/<\/span>\n\n<a href=\"https:\/\/pedaleurdecharme.com\/de\/product\/wielersokken-arriere-de-la-course\/\" class=\"show_details_button\">\n\tEinzelheiten<\/a>\n\n\t\t\t\t<\/div>\n\t\t\t\t\t\t\t\t\t<a class=\"fusion-link-wrapper\" href=\"https:\/\/pedaleurdecharme.com\/de\/product\/wielersokken-arriere-de-la-course\/\" aria-label=\"Radsocken Arriere de la Course\"><\/a>\n\t<\/div>\n<\/div>\n<\/div>\n<\/div>\n<div class=\"fusion-product-content\">\n\t<div class=\"product-details\">\n\t\t<div class=\"product-details-container\">\n<h3 class=\"product-title\">\n\t<a href=\"https:\/\/pedaleurdecharme.com\/de\/product\/wielersokken-arriere-de-la-course\/\">\n\t\tRadsocken Arriere de la Course\t<\/a>\n<\/h3>\n<div class=\"fusion-price-rating\">\n\n\t<span class=\"price\"><span class=\"woocommerce-Price-amount amount\"><bdi><span class=\"woocommerce-Price-currencySymbol\" translate=\"no\">\u20ac<\/span>9.95<\/bdi><\/span><\/span>\n\t\t<\/div>\n\t<\/div>\n<\/div>\n\n\t<\/div> \n\n\n<\/div>\n<\/li>\n<\/ul>\n<\/div>","protected":false},"excerpt":{"rendered":"<p>In de wereld van het wielrennen zijn er veel iconische  [&#8230;]<\/p>\n","protected":false},"author":1,"featured_media":2193,"comment_status":"open","ping_status":"open","sticky":false,"template":"","format":"standard","meta":{"footnotes":""},"categories":[173],"tags":[280,277,278,279,84],"class_list":["post-1899","post","type-post","status-publish","format-standard","has-post-thumbnail","hentry","category-wielerverhalen","tag-bezem","tag-bezemwagen","tag-bezemwagen-wielrennen","tag-symbool","tag-wielrennen"],"yoast_head":"<!-- This site is optimized with the Yoast SEO plugin v28.0 - https:\/\/yoast.com\/product\/yoast-seo-wordpress\/ -->\n<title>Het intrigerende verhaal achter de bezemwagen in het wielrennen - Pedaleur de Charme<\/title>\n<meta name=\"description\" content=\"De bezemwagen in het wielrennen. Wat is nu precies de rol van deze wagen en welke waarde heeft het nog? Wij leggen het uit!\" \/>\n<meta name=\"robots\" content=\"index, follow, max-snippet:-1, max-image-preview:large, max-video-preview:-1\" \/>\n<link rel=\"canonical\" href=\"https:\/\/pedaleurdecharme.com\/de\/fahrradgeschichten\/die-faszinierende-geschichte-des-besenwagens-im-radsport\/\" \/>\n<meta property=\"og:locale\" content=\"de_DE\" \/>\n<meta property=\"og:type\" content=\"article\" \/>\n<meta property=\"og:title\" content=\"Het intrigerende verhaal achter de bezemwagen in het wielrennen - Pedaleur de Charme\" \/>\n<meta property=\"og:description\" content=\"De bezemwagen in het wielrennen. Wat is nu precies de rol van deze wagen en welke waarde heeft het nog? Wij leggen het uit!\" \/>\n<meta property=\"og:url\" content=\"https:\/\/pedaleurdecharme.com\/de\/fahrradgeschichten\/die-faszinierende-geschichte-des-besenwagens-im-radsport\/\" \/>\n<meta property=\"og:site_name\" content=\"Pedaleur de Charme\" \/>\n<meta property=\"article:published_time\" content=\"2023-07-31T08:20:30+00:00\" \/>\n<meta property=\"article:modified_time\" content=\"2023-10-23T20:26:04+00:00\" \/>\n<meta property=\"og:image\" content=\"https:\/\/pedaleurdecharme.com\/wp-content\/uploads\/2023\/07\/bezemwagen.jpg\" \/>\n\t<meta property=\"og:image:width\" content=\"1687\" \/>\n\t<meta property=\"og:image:height\" content=\"663\" \/>\n\t<meta property=\"og:image:type\" content=\"image\/jpeg\" \/>\n<meta name=\"author\" content=\"Pedaleurdecharme\" \/>\n<meta name=\"twitter:card\" content=\"summary_large_image\" \/>\n<meta name=\"twitter:label1\" content=\"Verfasst von\" \/>\n\t<meta name=\"twitter:data1\" content=\"Pedaleurdecharme\" \/>\n\t<meta name=\"twitter:label2\" content=\"Gesch\u00e4tzte Lesezeit\" \/>\n\t<meta name=\"twitter:data2\" content=\"4\u00a0Minuten\" \/>\n<script type=\"application\/ld+json\" class=\"yoast-schema-graph\">{\"@context\":\"https:\\\/\\\/schema.org\",\"@graph\":[{\"@type\":\"Article\",\"@id\":\"https:\\\/\\\/pedaleurdecharme.com\\\/wielerverhalen\\\/het-intrigerende-verhaal-achter-de-bezemwagen-in-het-wielrennen\\\/#article\",\"isPartOf\":{\"@id\":\"https:\\\/\\\/pedaleurdecharme.com\\\/wielerverhalen\\\/het-intrigerende-verhaal-achter-de-bezemwagen-in-het-wielrennen\\\/\"},\"author\":{\"name\":\"Pedaleurdecharme\",\"@id\":\"https:\\\/\\\/pedaleurdecharme.com\\\/#\\\/schema\\\/person\\\/5131e2c6ae3acb734ae99bfc4ab1e629\"},\"headline\":\"Het intrigerende verhaal achter de bezemwagen in het wielrennen\",\"datePublished\":\"2023-07-31T08:20:30+00:00\",\"dateModified\":\"2023-10-23T20:26:04+00:00\",\"mainEntityOfPage\":{\"@id\":\"https:\\\/\\\/pedaleurdecharme.com\\\/wielerverhalen\\\/het-intrigerende-verhaal-achter-de-bezemwagen-in-het-wielrennen\\\/\"},\"wordCount\":687,\"commentCount\":0,\"image\":{\"@id\":\"https:\\\/\\\/pedaleurdecharme.com\\\/wielerverhalen\\\/het-intrigerende-verhaal-achter-de-bezemwagen-in-het-wielrennen\\\/#primaryimage\"},\"thumbnailUrl\":\"https:\\\/\\\/pedaleurdecharme.com\\\/wp-content\\\/uploads\\\/2023\\\/07\\\/bezemwagen.jpg\",\"keywords\":[\"bezem\",\"bezemwagen\",\"bezemwagen wielrennen\",\"symbool\",\"wielrennen\"],\"articleSection\":[\"Wielerverhalen\"],\"inLanguage\":\"de\",\"potentialAction\":[{\"@type\":\"CommentAction\",\"name\":\"Comment\",\"target\":[\"https:\\\/\\\/pedaleurdecharme.com\\\/wielerverhalen\\\/het-intrigerende-verhaal-achter-de-bezemwagen-in-het-wielrennen\\\/#respond\"]}]},{\"@type\":\"WebPage\",\"@id\":\"https:\\\/\\\/pedaleurdecharme.com\\\/wielerverhalen\\\/het-intrigerende-verhaal-achter-de-bezemwagen-in-het-wielrennen\\\/\",\"url\":\"https:\\\/\\\/pedaleurdecharme.com\\\/wielerverhalen\\\/het-intrigerende-verhaal-achter-de-bezemwagen-in-het-wielrennen\\\/\",\"name\":\"Het intrigerende verhaal achter de bezemwagen in het wielrennen - Pedaleur de Charme\",\"isPartOf\":{\"@id\":\"https:\\\/\\\/pedaleurdecharme.com\\\/#website\"},\"primaryImageOfPage\":{\"@id\":\"https:\\\/\\\/pedaleurdecharme.com\\\/wielerverhalen\\\/het-intrigerende-verhaal-achter-de-bezemwagen-in-het-wielrennen\\\/#primaryimage\"},\"image\":{\"@id\":\"https:\\\/\\\/pedaleurdecharme.com\\\/wielerverhalen\\\/het-intrigerende-verhaal-achter-de-bezemwagen-in-het-wielrennen\\\/#primaryimage\"},\"thumbnailUrl\":\"https:\\\/\\\/pedaleurdecharme.com\\\/wp-content\\\/uploads\\\/2023\\\/07\\\/bezemwagen.jpg\",\"datePublished\":\"2023-07-31T08:20:30+00:00\",\"dateModified\":\"2023-10-23T20:26:04+00:00\",\"author\":{\"@id\":\"https:\\\/\\\/pedaleurdecharme.com\\\/#\\\/schema\\\/person\\\/5131e2c6ae3acb734ae99bfc4ab1e629\"},\"description\":\"De bezemwagen in het wielrennen. Wat is nu precies de rol van deze wagen en welke waarde heeft het nog? Wij leggen het uit!\",\"breadcrumb\":{\"@id\":\"https:\\\/\\\/pedaleurdecharme.com\\\/wielerverhalen\\\/het-intrigerende-verhaal-achter-de-bezemwagen-in-het-wielrennen\\\/#breadcrumb\"},\"inLanguage\":\"de\",\"potentialAction\":[{\"@type\":\"ReadAction\",\"target\":[\"https:\\\/\\\/pedaleurdecharme.com\\\/wielerverhalen\\\/het-intrigerende-verhaal-achter-de-bezemwagen-in-het-wielrennen\\\/\"]}]},{\"@type\":\"ImageObject\",\"inLanguage\":\"de\",\"@id\":\"https:\\\/\\\/pedaleurdecharme.com\\\/wielerverhalen\\\/het-intrigerende-verhaal-achter-de-bezemwagen-in-het-wielrennen\\\/#primaryimage\",\"url\":\"https:\\\/\\\/pedaleurdecharme.com\\\/wp-content\\\/uploads\\\/2023\\\/07\\\/bezemwagen.jpg\",\"contentUrl\":\"https:\\\/\\\/pedaleurdecharme.com\\\/wp-content\\\/uploads\\\/2023\\\/07\\\/bezemwagen.jpg\",\"width\":1687,\"height\":663},{\"@type\":\"BreadcrumbList\",\"@id\":\"https:\\\/\\\/pedaleurdecharme.com\\\/wielerverhalen\\\/het-intrigerende-verhaal-achter-de-bezemwagen-in-het-wielrennen\\\/#breadcrumb\",\"itemListElement\":[{\"@type\":\"ListItem\",\"position\":1,\"name\":\"Home\",\"item\":\"https:\\\/\\\/pedaleurdecharme.com\\\/\"},{\"@type\":\"ListItem\",\"position\":2,\"name\":\"Het intrigerende verhaal achter de bezemwagen in het wielrennen\"}]},{\"@type\":\"WebSite\",\"@id\":\"https:\\\/\\\/pedaleurdecharme.com\\\/#website\",\"url\":\"https:\\\/\\\/pedaleurdecharme.com\\\/\",\"name\":\"Pedaleur de Charme\",\"description\":\"Niet gemaakt voor iedereen. Gemaakt voor jou.\",\"potentialAction\":[{\"@type\":\"SearchAction\",\"target\":{\"@type\":\"EntryPoint\",\"urlTemplate\":\"https:\\\/\\\/pedaleurdecharme.com\\\/?s={search_term_string}\"},\"query-input\":{\"@type\":\"PropertyValueSpecification\",\"valueRequired\":true,\"valueName\":\"search_term_string\"}}],\"inLanguage\":\"de\"},{\"@type\":\"Person\",\"@id\":\"https:\\\/\\\/pedaleurdecharme.com\\\/#\\\/schema\\\/person\\\/5131e2c6ae3acb734ae99bfc4ab1e629\",\"name\":\"Pedaleurdecharme\",\"image\":{\"@type\":\"ImageObject\",\"inLanguage\":\"de\",\"@id\":\"https:\\\/\\\/secure.gravatar.com\\\/avatar\\\/3e7bd6390fde734c52a7f7ba70815033ba0d43c73365eb32859e7456a325d602?s=96&d=mm&r=g\",\"url\":\"https:\\\/\\\/secure.gravatar.com\\\/avatar\\\/3e7bd6390fde734c52a7f7ba70815033ba0d43c73365eb32859e7456a325d602?s=96&d=mm&r=g\",\"contentUrl\":\"https:\\\/\\\/secure.gravatar.com\\\/avatar\\\/3e7bd6390fde734c52a7f7ba70815033ba0d43c73365eb32859e7456a325d602?s=96&d=mm&r=g\",\"caption\":\"Pedaleurdecharme\"},\"url\":\"https:\\\/\\\/pedaleurdecharme.com\\\/de\\\/author\\\/pedaleurdecharme\\\/\"}]}<\/script>\n<!-- \/ Yoast SEO plugin. -->","yoast_head_json":{"title":"Die faszinierende Geschichte hinter dem Besenwagen im Radsport - Pedaleur de Charme","description":"Der Besenwagen im Radsport. Was genau ist die Rolle dieses Wagens und welchen Wert hat er noch? Wir erkl\u00e4ren es!","robots":{"index":"index","follow":"follow","max-snippet":"max-snippet:-1","max-image-preview":"max-image-preview:large","max-video-preview":"max-video-preview:-1"},"canonical":"https:\/\/pedaleurdecharme.com\/de\/fahrradgeschichten\/die-faszinierende-geschichte-des-besenwagens-im-radsport\/","og_locale":"de_DE","og_type":"article","og_title":"Het intrigerende verhaal achter de bezemwagen in het wielrennen - Pedaleur de Charme","og_description":"De bezemwagen in het wielrennen. Wat is nu precies de rol van deze wagen en welke waarde heeft het nog? Wij leggen het uit!","og_url":"https:\/\/pedaleurdecharme.com\/de\/fahrradgeschichten\/die-faszinierende-geschichte-des-besenwagens-im-radsport\/","og_site_name":"Pedaleur de Charme","article_published_time":"2023-07-31T08:20:30+00:00","article_modified_time":"2023-10-23T20:26:04+00:00","og_image":[{"width":1687,"height":663,"url":"https:\/\/pedaleurdecharme.com\/wp-content\/uploads\/2023\/07\/bezemwagen.jpg","type":"image\/jpeg"}],"author":"Pedaleurdecharme","twitter_card":"summary_large_image","twitter_misc":{"Verfasst von":"Pedaleurdecharme","Gesch\u00e4tzte Lesezeit":"4\u00a0Minuten"},"schema":{"@context":"https:\/\/schema.org","@graph":[{"@type":"Article","@id":"https:\/\/pedaleurdecharme.com\/wielerverhalen\/het-intrigerende-verhaal-achter-de-bezemwagen-in-het-wielrennen\/#article","isPartOf":{"@id":"https:\/\/pedaleurdecharme.com\/wielerverhalen\/het-intrigerende-verhaal-achter-de-bezemwagen-in-het-wielrennen\/"},"author":{"name":"Pedaleurdecharme","@id":"https:\/\/pedaleurdecharme.com\/#\/schema\/person\/5131e2c6ae3acb734ae99bfc4ab1e629"},"headline":"Het intrigerende verhaal achter de bezemwagen in het wielrennen","datePublished":"2023-07-31T08:20:30+00:00","dateModified":"2023-10-23T20:26:04+00:00","mainEntityOfPage":{"@id":"https:\/\/pedaleurdecharme.com\/wielerverhalen\/het-intrigerende-verhaal-achter-de-bezemwagen-in-het-wielrennen\/"},"wordCount":687,"commentCount":0,"image":{"@id":"https:\/\/pedaleurdecharme.com\/wielerverhalen\/het-intrigerende-verhaal-achter-de-bezemwagen-in-het-wielrennen\/#primaryimage"},"thumbnailUrl":"https:\/\/pedaleurdecharme.com\/wp-content\/uploads\/2023\/07\/bezemwagen.jpg","keywords":["bezem","bezemwagen","bezemwagen wielrennen","symbool","wielrennen"],"articleSection":["Wielerverhalen"],"inLanguage":"de","potentialAction":[{"@type":"CommentAction","name":"Comment","target":["https:\/\/pedaleurdecharme.com\/wielerverhalen\/het-intrigerende-verhaal-achter-de-bezemwagen-in-het-wielrennen\/#respond"]}]},{"@type":"WebPage","@id":"https:\/\/pedaleurdecharme.com\/wielerverhalen\/het-intrigerende-verhaal-achter-de-bezemwagen-in-het-wielrennen\/","url":"https:\/\/pedaleurdecharme.com\/wielerverhalen\/het-intrigerende-verhaal-achter-de-bezemwagen-in-het-wielrennen\/","name":"Die faszinierende Geschichte hinter dem Besenwagen im Radsport - Pedaleur de Charme","isPartOf":{"@id":"https:\/\/pedaleurdecharme.com\/#website"},"primaryImageOfPage":{"@id":"https:\/\/pedaleurdecharme.com\/wielerverhalen\/het-intrigerende-verhaal-achter-de-bezemwagen-in-het-wielrennen\/#primaryimage"},"image":{"@id":"https:\/\/pedaleurdecharme.com\/wielerverhalen\/het-intrigerende-verhaal-achter-de-bezemwagen-in-het-wielrennen\/#primaryimage"},"thumbnailUrl":"https:\/\/pedaleurdecharme.com\/wp-content\/uploads\/2023\/07\/bezemwagen.jpg","datePublished":"2023-07-31T08:20:30+00:00","dateModified":"2023-10-23T20:26:04+00:00","author":{"@id":"https:\/\/pedaleurdecharme.com\/#\/schema\/person\/5131e2c6ae3acb734ae99bfc4ab1e629"},"description":"Der Besenwagen im Radsport. Was genau ist die Rolle dieses Wagens und welchen Wert hat er noch? Wir erkl\u00e4ren es!","breadcrumb":{"@id":"https:\/\/pedaleurdecharme.com\/wielerverhalen\/het-intrigerende-verhaal-achter-de-bezemwagen-in-het-wielrennen\/#breadcrumb"},"inLanguage":"de","potentialAction":[{"@type":"ReadAction","target":["https:\/\/pedaleurdecharme.com\/wielerverhalen\/het-intrigerende-verhaal-achter-de-bezemwagen-in-het-wielrennen\/"]}]},{"@type":"ImageObject","inLanguage":"de","@id":"https:\/\/pedaleurdecharme.com\/wielerverhalen\/het-intrigerende-verhaal-achter-de-bezemwagen-in-het-wielrennen\/#primaryimage","url":"https:\/\/pedaleurdecharme.com\/wp-content\/uploads\/2023\/07\/bezemwagen.jpg","contentUrl":"https:\/\/pedaleurdecharme.com\/wp-content\/uploads\/2023\/07\/bezemwagen.jpg","width":1687,"height":663},{"@type":"BreadcrumbList","@id":"https:\/\/pedaleurdecharme.com\/wielerverhalen\/het-intrigerende-verhaal-achter-de-bezemwagen-in-het-wielrennen\/#breadcrumb","itemListElement":[{"@type":"ListItem","position":1,"name":"Home","item":"https:\/\/pedaleurdecharme.com\/"},{"@type":"ListItem","position":2,"name":"Het intrigerende verhaal achter de bezemwagen in het wielrennen"}]},{"@type":"WebSite","@id":"https:\/\/pedaleurdecharme.com\/#website","url":"https:\/\/pedaleurdecharme.com\/","name":"Pedaleur de Charme","description":"Nicht f\u00fcr jeden gemacht. F\u00fcr dich gemacht","potentialAction":[{"@type":"SearchAction","target":{"@type":"EntryPoint","urlTemplate":"https:\/\/pedaleurdecharme.com\/?s={search_term_string}"},"query-input":{"@type":"PropertyValueSpecification","valueRequired":true,"valueName":"search_term_string"}}],"inLanguage":"de"},{"@type":"Person","@id":"https:\/\/pedaleurdecharme.com\/#\/schema\/person\/5131e2c6ae3acb734ae99bfc4ab1e629","name":"Pedaleurdecharme","image":{"@type":"ImageObject","inLanguage":"de","@id":"https:\/\/secure.gravatar.com\/avatar\/3e7bd6390fde734c52a7f7ba70815033ba0d43c73365eb32859e7456a325d602?s=96&d=mm&r=g","url":"https:\/\/secure.gravatar.com\/avatar\/3e7bd6390fde734c52a7f7ba70815033ba0d43c73365eb32859e7456a325d602?s=96&d=mm&r=g","contentUrl":"https:\/\/secure.gravatar.com\/avatar\/3e7bd6390fde734c52a7f7ba70815033ba0d43c73365eb32859e7456a325d602?s=96&d=mm&r=g","caption":"Pedaleurdecharme"},"url":"https:\/\/pedaleurdecharme.com\/de\/author\/pedaleurdecharme\/"}]}},"_links":{"self":[{"href":"https:\/\/pedaleurdecharme.com\/de\/wp-json\/wp\/v2\/posts\/1899","targetHints":{"allow":["GET"]}}],"collection":[{"href":"https:\/\/pedaleurdecharme.com\/de\/wp-json\/wp\/v2\/posts"}],"about":[{"href":"https:\/\/pedaleurdecharme.com\/de\/wp-json\/wp\/v2\/types\/post"}],"author":[{"embeddable":true,"href":"https:\/\/pedaleurdecharme.com\/de\/wp-json\/wp\/v2\/users\/1"}],"replies":[{"embeddable":true,"href":"https:\/\/pedaleurdecharme.com\/de\/wp-json\/wp\/v2\/comments?post=1899"}],"version-history":[{"count":6,"href":"https:\/\/pedaleurdecharme.com\/de\/wp-json\/wp\/v2\/posts\/1899\/revisions"}],"predecessor-version":[{"id":2194,"href":"https:\/\/pedaleurdecharme.com\/de\/wp-json\/wp\/v2\/posts\/1899\/revisions\/2194"}],"wp:featuredmedia":[{"embeddable":true,"href":"https:\/\/pedaleurdecharme.com\/de\/wp-json\/wp\/v2\/media\/2193"}],"wp:attachment":[{"href":"https:\/\/pedaleurdecharme.com\/de\/wp-json\/wp\/v2\/media?parent=1899"}],"wp:term":[{"taxonomy":"category","embeddable":true,"href":"https:\/\/pedaleurdecharme.com\/de\/wp-json\/wp\/v2\/categories?post=1899"},{"taxonomy":"post_tag","embeddable":true,"href":"https:\/\/pedaleurdecharme.com\/de\/wp-json\/wp\/v2\/tags?post=1899"}],"curies":[{"name":"wp","href":"https:\/\/api.w.org\/{rel}","templated":true}]}}